{"id":5358,"date":"2026-08-31T14:21:12","date_gmt":"2026-08-31T12:21:12","guid":{"rendered":"https:\/\/gds32-65.fr\/?p=5358"},"modified":"2026-08-31T15:49:47","modified_gmt":"2026-08-31T13:49:47","slug":"dnc-zvi-interdiction-de-vaccination-apres-le-30-09","status":"publish","type":"post","link":"https:\/\/gds32-65.fr\/index.php\/2026\/08\/31\/dnc-zvi-interdiction-de-vaccination-apres-le-30-09\/","title":{"rendered":"DNC ZVI interdiction de vaccination apr\u00e8s le 30\/09"},"content":{"rendered":"\n<p class=\"wp-block-paragraph\">Sous r\u00e9serve de modification de la r\u00e8gle, interdiction de la vaccination en ZVI \u00e0 partir du 30\/09.<\/p>\n\n\n\n<p class=\"wp-block-paragraph\"><strong>\u00c9levages situ\u00e9s en ZVI (zone rose sur les cartes)<\/strong><\/p>\n\n\n\n<p class=\"wp-block-paragraph\">\u00c0 compter du <strong>30 septembre 2026<\/strong>, la vaccination contre la <strong>DNC<\/strong> sera interdite en <strong>ZVI<\/strong>.<\/p>\n\n\n\n<p class=\"wp-block-paragraph\"><strong>Ce qui change apr\u00e8s le 30 septembre 2026<\/strong><\/p>\n\n\n\n<p class=\"wp-block-paragraph\">Pour pouvoir \u00eatre commercialis\u00e9s, les bovins issus d&rsquo;un \u00e9levage situ\u00e9 en ZVI devront obligatoirement \u00eatre :<\/p>\n\n\n\n<ul class=\"wp-block-list\">\n<li><strong>couverts par une immunit\u00e9 vaccinale<\/strong>* ;<br><strong>ou<\/strong><\/li>\n\n\n\n<li><strong>pr\u00e9senter un r\u00e9sultat PCR n\u00e9gatif avant leur mouvement (vers la zone indemne ou l\u2019export)<\/strong>.<\/li>\n<\/ul>\n\n\n\n<p class=\"wp-block-paragraph\"><strong>Jusqu&rsquo;au 30 septembre : profitez de la prise en charge<\/strong><\/p>\n\n\n\n<p class=\"wp-block-paragraph\">\u2705 Les frais de vaccination restent <strong>pris en charge par l&rsquo;\u00c9tat<\/strong> jusqu&rsquo;au <strong>30 septembre 2026<\/strong>.<\/p>\n\n\n\n<p class=\"wp-block-paragraph\">\u26a0\ufe0f Apr\u00e8s cette date, si vos animaux ne sont plus couverts par leur immunit\u00e9 vaccinale, les pr\u00e9l\u00e8vements et analyses PCR n\u00e9cessaires aux mouvements seront <strong>\u00e0 votre charge<\/strong>.<\/p>\n\n\n\n<p class=\"wp-block-paragraph\"><strong>Revaccination du troupeau souche<\/strong><\/p>\n\n\n\n<p class=\"wp-block-paragraph\">Si votre troupeau souche a \u00e9t\u00e9 vaccin\u00e9 <strong>depuis plus de 8 mois<\/strong>, vous pouvez, si vous le souhaitez, le <strong>revacciner jusqu&rsquo;au 30 septembre 2026<\/strong>.<\/p>\n\n\n\n<p class=\"wp-block-paragraph\">Cette revaccination permet de <strong>prolonger l&rsquo;immunit\u00e9 contre la DNC<\/strong> et peut vous \u00e9viter des contraintes techniques et des co\u00fbts li\u00e9s aux analyses PCR lors de la commercialisation de vos animaux.<\/p>\n\n\n\n<p class=\"wp-block-paragraph\"><strong>Anticipez d\u00e8s maintenant<\/strong><\/p>\n\n\n\n<p class=\"wp-block-paragraph\">Nous vous invitons \u00e0 prendre contact avec votre v\u00e9t\u00e9rinaire afin de d\u00e9finir la strat\u00e9gie la plus adapt\u00e9e \u00e0 votre \u00e9levage et de planifier :<\/p>\n\n\n\n<ul class=\"wp-block-list\">\n<li>la vaccination des veaux arrivant \u00e0 \u00e9ch\u00e9ance ;<\/li>\n\n\n\n<li>et, si n\u00e9cessaire, la revaccination du troupeau.<\/li>\n<\/ul>\n\n\n\n<p class=\"wp-block-paragraph\">Cette anticipation permettra de limiter les frais d&rsquo;analyses et de faciliter vos d\u00e9marches commerciales apr\u00e8s le <strong>30 septembre 2026<\/strong>.<\/p>\n\n\n\n<p class=\"wp-block-paragraph\"><strong>\u00c0 noter<\/strong><\/p>\n\n\n\n<p class=\"wp-block-paragraph\">La revaccination de vos animaux <strong>n&rsquo;a aucune incidence sur la date de lev\u00e9e de la ZVI<\/strong>. Celle-ci sera fix\u00e9e par l&rsquo;administration pour l&rsquo;ensemble de la zone.<\/p>\n\n\n\n<p class=\"wp-block-paragraph\">L&rsquo;int\u00e9r\u00eat de cette vaccination est donc <strong>sanitaire, technique et \u00e9conomique<\/strong> pour votre exploitation.<\/p>\n\n\n\n<hr class=\"wp-block-separator has-alpha-channel-opacity\"\/>\n\n\n\n<p class=\"wp-block-paragraph\"><strong>* Immunit\u00e9 vaccinale<\/strong><\/p>\n\n\n\n<p class=\"wp-block-paragraph\"><strong>Bovins :<\/strong> vaccin\u00e9s depuis <strong>plus de 28 jours<\/strong> et <strong>moins de 15 mois<\/strong>.<\/p>\n\n\n\n<p class=\"wp-block-paragraph\"><strong>Veaux :<\/strong> \u00e2g\u00e9s de <strong>moins de 6 mois<\/strong>, issus d&rsquo;une m\u00e8re <strong>valablement vaccin\u00e9e<\/strong>.<\/p>\n\n\n\n<div class=\"wp-block-columns is-layout-flex wp-container-core-columns-is-layout-995f960e wp-block-columns-is-layout-flex\">\n<div class=\"wp-block-column is-layout-flow wp-block-column-is-layout-flow\" style=\"flex-basis:100%\">\n<figure class=\"wp-block-image size-large\"><img fetchpriority=\"high\" decoding=\"async\" width=\"683\" height=\"1024\" src=\"https:\/\/gds32-65.fr\/wp-content\/uploads\/2026\/08\/WhatsApp-Image-2026-08-31-at-13.08.40-683x1024.jpeg\" alt=\"\" class=\"wp-image-5359\" srcset=\"https:\/\/gds32-65.fr\/wp-content\/uploads\/2026\/08\/WhatsApp-Image-2026-08-31-at-13.08.40-683x1024.jpeg 683w, https:\/\/gds32-65.fr\/wp-content\/uploads\/2026\/08\/WhatsApp-Image-2026-08-31-at-13.08.40-200x300.jpeg 200w, https:\/\/gds32-65.fr\/wp-content\/uploads\/2026\/08\/WhatsApp-Image-2026-08-31-at-13.08.40-768x1152.jpeg 768w, https:\/\/gds32-65.fr\/wp-content\/uploads\/2026\/08\/WhatsApp-Image-2026-08-31-at-13.08.40.jpeg 1024w\" sizes=\"(max-width: 683px) 100vw, 683px\" \/><\/figure>\n<\/div>\n<\/div>\n\n\n\n<p class=\"wp-block-paragraph\"><\/p>\n","protected":false},"excerpt":{"rendered":"<p>Sous r\u00e9serve de modification de la r\u00e8gle, interdiction de la vaccination en ZVI \u00e0 partir du 30\/09. \u00c9levages situ\u00e9s en ZVI (zone rose sur les cartes) \u00c0 compter du 30 septembre 2026, la vaccination contre la DNC sera interdite en ZVI. Ce qui change apr\u00e8s le 30 septembre 2026 Pour pouvoir \u00eatre commercialis\u00e9s, les bovins [&hellip;]<\/p>\n","protected":false},"author":1,"featured_media":5364,"comment_status":"closed","ping_status":"open","sticky":false,"template":"","format":"standard","meta":{"footnotes":""},"categories":[28],"tags":[],"class_list":["post-5358","post","type-post","status-publish","format-standard","has-post-thumbnail","hentry","category-a-la-une"],"blocksy_meta":{"styles_descriptor":{"styles":{"desktop":"","tablet":"","mobile":""},"google_fonts":[],"version":7}},"yoast_head":"<!-- This site is optimized with the Yoast SEO plugin v28.3 - https:\/\/yoast.com\/product\/yoast-seo-wordpress\/ -->\n<title>DNC ZVI interdiction de vaccination apr\u00e8s le 30\/09 - GDS 32 et 65<\/title>\n<meta name=\"robots\" content=\"index, follow, max-snippet:-1, max-image-preview:large, max-video-preview:-1\" \/>\n<link rel=\"canonical\" href=\"https:\/\/gds32-65.fr\/index.php\/2026\/08\/31\/dnc-zvi-interdiction-de-vaccination-apres-le-30-09\/\" \/>\n<meta property=\"og:locale\" content=\"fr_FR\" \/>\n<meta property=\"og:type\" content=\"article\" \/>\n<meta property=\"og:title\" content=\"DNC ZVI interdiction de vaccination apr\u00e8s le 30\/09 - GDS 32 et 65\" \/>\n<meta property=\"og:description\" content=\"Sous r\u00e9serve de modification de la r\u00e8gle, interdiction de la vaccination en ZVI \u00e0 partir du 30\/09. \u00c9levages situ\u00e9s en ZVI (zone rose sur les cartes) \u00c0 compter du 30 septembre 2026, la vaccination contre la DNC sera interdite en ZVI. Ce qui change apr\u00e8s le 30 septembre 2026 Pour pouvoir \u00eatre commercialis\u00e9s, les bovins [&hellip;]\" \/>\n<meta property=\"og:url\" content=\"https:\/\/gds32-65.fr\/index.php\/2026\/08\/31\/dnc-zvi-interdiction-de-vaccination-apres-le-30-09\/\" \/>\n<meta property=\"og:site_name\" content=\"GDS 32 et 65\" \/>\n<meta property=\"article:publisher\" content=\"https:\/\/www.facebook.com\/gds32gds65aplma\" \/>\n<meta property=\"article:published_time\" content=\"2026-08-31T12:21:12+00:00\" \/>\n<meta property=\"article:modified_time\" content=\"2026-08-31T13:49:47+00:00\" \/>\n<meta property=\"og:image\" content=\"https:\/\/gds32-65.fr\/wp-content\/uploads\/2026\/08\/Bovins-eng-L.ARTEGIANI-GDS02-scaled.jpg\" \/>\n\t<meta property=\"og:image:width\" content=\"2560\" \/>\n\t<meta property=\"og:image:height\" content=\"1702\" \/>\n\t<meta property=\"og:image:type\" content=\"image\/jpeg\" \/>\n<meta name=\"author\" content=\"GDS 32-65\" \/>\n<meta name=\"twitter:card\" content=\"summary_large_image\" \/>\n<meta name=\"twitter:label1\" content=\"\u00c9crit par\" \/>\n\t<meta name=\"twitter:data1\" content=\"GDS 32-65\" \/>\n\t<meta name=\"twitter:label2\" content=\"Dur\u00e9e de lecture estim\u00e9e\" \/>\n\t<meta name=\"twitter:data2\" content=\"3 minutes\" \/>\n<script type=\"application\/ld+json\" class=\"yoast-schema-graph\">{\"@context\":\"https:\\\/\\\/schema.org\",\"@graph\":[{\"@type\":\"Article\",\"@id\":\"https:\\\/\\\/gds32-65.fr\\\/index.php\\\/2026\\\/08\\\/31\\\/dnc-zvi-interdiction-de-vaccination-apres-le-30-09\\\/#article\",\"isPartOf\":{\"@id\":\"https:\\\/\\\/gds32-65.fr\\\/index.php\\\/2026\\\/08\\\/31\\\/dnc-zvi-interdiction-de-vaccination-apres-le-30-09\\\/\"},\"author\":{\"name\":\"GDS 32-65\",\"@id\":\"https:\\\/\\\/gds32-65.fr\\\/#\\\/schema\\\/person\\\/95a32fe4d55748b54ad68c8f4e849e89\"},\"headline\":\"DNC ZVI interdiction de vaccination apr\u00e8s le 30\\\/09\",\"datePublished\":\"2026-08-31T12:21:12+00:00\",\"dateModified\":\"2026-08-31T13:49:47+00:00\",\"mainEntityOfPage\":{\"@id\":\"https:\\\/\\\/gds32-65.fr\\\/index.php\\\/2026\\\/08\\\/31\\\/dnc-zvi-interdiction-de-vaccination-apres-le-30-09\\\/\"},\"wordCount\":347,\"publisher\":{\"@id\":\"https:\\\/\\\/gds32-65.fr\\\/#organization\"},\"image\":{\"@id\":\"https:\\\/\\\/gds32-65.fr\\\/index.php\\\/2026\\\/08\\\/31\\\/dnc-zvi-interdiction-de-vaccination-apres-le-30-09\\\/#primaryimage\"},\"thumbnailUrl\":\"https:\\\/\\\/gds32-65.fr\\\/wp-content\\\/uploads\\\/2026\\\/08\\\/Bovins-eng-L.ARTEGIANI-GDS02-scaled.jpg\",\"articleSection\":[\"A la Une\"],\"inLanguage\":\"fr-FR\"},{\"@type\":\"WebPage\",\"@id\":\"https:\\\/\\\/gds32-65.fr\\\/index.php\\\/2026\\\/08\\\/31\\\/dnc-zvi-interdiction-de-vaccination-apres-le-30-09\\\/\",\"url\":\"https:\\\/\\\/gds32-65.fr\\\/index.php\\\/2026\\\/08\\\/31\\\/dnc-zvi-interdiction-de-vaccination-apres-le-30-09\\\/\",\"name\":\"DNC ZVI interdiction de vaccination apr\u00e8s le 30\\\/09 - GDS 32 et 65\",\"isPartOf\":{\"@id\":\"https:\\\/\\\/gds32-65.fr\\\/#website\"},\"primaryImageOfPage\":{\"@id\":\"https:\\\/\\\/gds32-65.fr\\\/index.php\\\/2026\\\/08\\\/31\\\/dnc-zvi-interdiction-de-vaccination-apres-le-30-09\\\/#primaryimage\"},\"image\":{\"@id\":\"https:\\\/\\\/gds32-65.fr\\\/index.php\\\/2026\\\/08\\\/31\\\/dnc-zvi-interdiction-de-vaccination-apres-le-30-09\\\/#primaryimage\"},\"thumbnailUrl\":\"https:\\\/\\\/gds32-65.fr\\\/wp-content\\\/uploads\\\/2026\\\/08\\\/Bovins-eng-L.ARTEGIANI-GDS02-scaled.jpg\",\"datePublished\":\"2026-08-31T12:21:12+00:00\",\"dateModified\":\"2026-08-31T13:49:47+00:00\",\"breadcrumb\":{\"@id\":\"https:\\\/\\\/gds32-65.fr\\\/index.php\\\/2026\\\/08\\\/31\\\/dnc-zvi-interdiction-de-vaccination-apres-le-30-09\\\/#breadcrumb\"},\"inLanguage\":\"fr-FR\",\"potentialAction\":[{\"@type\":\"ReadAction\",\"target\":[\"https:\\\/\\\/gds32-65.fr\\\/index.php\\\/2026\\\/08\\\/31\\\/dnc-zvi-interdiction-de-vaccination-apres-le-30-09\\\/\"]}]},{\"@type\":\"ImageObject\",\"inLanguage\":\"fr-FR\",\"@id\":\"https:\\\/\\\/gds32-65.fr\\\/index.php\\\/2026\\\/08\\\/31\\\/dnc-zvi-interdiction-de-vaccination-apres-le-30-09\\\/#primaryimage\",\"url\":\"https:\\\/\\\/gds32-65.fr\\\/wp-content\\\/uploads\\\/2026\\\/08\\\/Bovins-eng-L.ARTEGIANI-GDS02-scaled.jpg\",\"contentUrl\":\"https:\\\/\\\/gds32-65.fr\\\/wp-content\\\/uploads\\\/2026\\\/08\\\/Bovins-eng-L.ARTEGIANI-GDS02-scaled.jpg\",\"width\":2560,\"height\":1702},{\"@type\":\"BreadcrumbList\",\"@id\":\"https:\\\/\\\/gds32-65.fr\\\/index.php\\\/2026\\\/08\\\/31\\\/dnc-zvi-interdiction-de-vaccination-apres-le-30-09\\\/#breadcrumb\",\"itemListElement\":[{\"@type\":\"ListItem\",\"position\":1,\"name\":\"Accueil\",\"item\":\"https:\\\/\\\/gds32-65.fr\\\/\"},{\"@type\":\"ListItem\",\"position\":2,\"name\":\"DNC ZVI interdiction de vaccination apr\u00e8s le 30\\\/09\"}]},{\"@type\":\"WebSite\",\"@id\":\"https:\\\/\\\/gds32-65.fr\\\/#website\",\"url\":\"https:\\\/\\\/gds32-65.fr\\\/\",\"name\":\"GDS 32-65\",\"description\":\"Bienvenue sur le site des GDS 32 et 65\",\"publisher\":{\"@id\":\"https:\\\/\\\/gds32-65.fr\\\/#organization\"},\"potentialAction\":[{\"@type\":\"SearchAction\",\"target\":{\"@type\":\"EntryPoint\",\"urlTemplate\":\"https:\\\/\\\/gds32-65.fr\\\/?s={search_term_string}\"},\"query-input\":{\"@type\":\"PropertyValueSpecification\",\"valueRequired\":true,\"valueName\":\"search_term_string\"}}],\"inLanguage\":\"fr-FR\"},{\"@type\":\"Organization\",\"@id\":\"https:\\\/\\\/gds32-65.fr\\\/#organization\",\"name\":\"GDS 32-65\",\"url\":\"https:\\\/\\\/gds32-65.fr\\\/\",\"logo\":{\"@type\":\"ImageObject\",\"inLanguage\":\"fr-FR\",\"@id\":\"https:\\\/\\\/gds32-65.fr\\\/#\\\/schema\\\/logo\\\/image\\\/\",\"url\":\"https:\\\/\\\/gds32-65.fr\\\/wp-content\\\/uploads\\\/2024\\\/11\\\/Fond-GDS-1.png\",\"contentUrl\":\"https:\\\/\\\/gds32-65.fr\\\/wp-content\\\/uploads\\\/2024\\\/11\\\/Fond-GDS-1.png\",\"width\":1095,\"height\":226,\"caption\":\"GDS 32-65\"},\"image\":{\"@id\":\"https:\\\/\\\/gds32-65.fr\\\/#\\\/schema\\\/logo\\\/image\\\/\"},\"sameAs\":[\"https:\\\/\\\/www.facebook.com\\\/gds32gds65aplma\"]},{\"@type\":\"Person\",\"@id\":\"https:\\\/\\\/gds32-65.fr\\\/#\\\/schema\\\/person\\\/95a32fe4d55748b54ad68c8f4e849e89\",\"name\":\"GDS 32-65\",\"image\":{\"@type\":\"ImageObject\",\"inLanguage\":\"fr-FR\",\"@id\":\"https:\\\/\\\/secure.gravatar.com\\\/avatar\\\/904bc63f723f5e11f8ff89bc07f133c2d8ed70d75ed7e1aaf4528d6957014e60?s=96&d=mm&r=g\",\"url\":\"https:\\\/\\\/secure.gravatar.com\\\/avatar\\\/904bc63f723f5e11f8ff89bc07f133c2d8ed70d75ed7e1aaf4528d6957014e60?s=96&d=mm&r=g\",\"contentUrl\":\"https:\\\/\\\/secure.gravatar.com\\\/avatar\\\/904bc63f723f5e11f8ff89bc07f133c2d8ed70d75ed7e1aaf4528d6957014e60?s=96&d=mm&r=g\",\"caption\":\"GDS 32-65\"},\"sameAs\":[\"http:\\\/\\\/gds32-65.fr\"],\"url\":\"https:\\\/\\\/gds32-65.fr\\\/index.php\\\/author\\\/admin3567\\\/\"}]}<\/script>\n<!-- \/ Yoast SEO plugin. -->","yoast_head_json":{"title":"DNC ZVI interdiction de vaccination apr\u00e8s le 30\/09 - GDS 32 et 65","robots":{"index":"index","follow":"follow","max-snippet":"max-snippet:-1","max-image-preview":"max-image-preview:large","max-video-preview":"max-video-preview:-1"},"canonical":"https:\/\/gds32-65.fr\/index.php\/2026\/08\/31\/dnc-zvi-interdiction-de-vaccination-apres-le-30-09\/","og_locale":"fr_FR","og_type":"article","og_title":"DNC ZVI interdiction de vaccination apr\u00e8s le 30\/09 - GDS 32 et 65","og_description":"Sous r\u00e9serve de modification de la r\u00e8gle, interdiction de la vaccination en ZVI \u00e0 partir du 30\/09. \u00c9levages situ\u00e9s en ZVI (zone rose sur les cartes) \u00c0 compter du 30 septembre 2026, la vaccination contre la DNC sera interdite en ZVI. Ce qui change apr\u00e8s le 30 septembre 2026 Pour pouvoir \u00eatre commercialis\u00e9s, les bovins [&hellip;]","og_url":"https:\/\/gds32-65.fr\/index.php\/2026\/08\/31\/dnc-zvi-interdiction-de-vaccination-apres-le-30-09\/","og_site_name":"GDS 32 et 65","article_publisher":"https:\/\/www.facebook.com\/gds32gds65aplma","article_published_time":"2026-08-31T12:21:12+00:00","article_modified_time":"2026-08-31T13:49:47+00:00","og_image":[{"width":2560,"height":1702,"url":"https:\/\/gds32-65.fr\/wp-content\/uploads\/2026\/08\/Bovins-eng-L.ARTEGIANI-GDS02-scaled.jpg","type":"image\/jpeg"}],"author":"GDS 32-65","twitter_card":"summary_large_image","twitter_misc":{"\u00c9crit par":"GDS 32-65","Dur\u00e9e de lecture estim\u00e9e":"3 minutes"},"schema":{"@context":"https:\/\/schema.org","@graph":[{"@type":"Article","@id":"https:\/\/gds32-65.fr\/index.php\/2026\/08\/31\/dnc-zvi-interdiction-de-vaccination-apres-le-30-09\/#article","isPartOf":{"@id":"https:\/\/gds32-65.fr\/index.php\/2026\/08\/31\/dnc-zvi-interdiction-de-vaccination-apres-le-30-09\/"},"author":{"name":"GDS 32-65","@id":"https:\/\/gds32-65.fr\/#\/schema\/person\/95a32fe4d55748b54ad68c8f4e849e89"},"headline":"DNC ZVI interdiction de vaccination apr\u00e8s le 30\/09","datePublished":"2026-08-31T12:21:12+00:00","dateModified":"2026-08-31T13:49:47+00:00","mainEntityOfPage":{"@id":"https:\/\/gds32-65.fr\/index.php\/2026\/08\/31\/dnc-zvi-interdiction-de-vaccination-apres-le-30-09\/"},"wordCount":347,"publisher":{"@id":"https:\/\/gds32-65.fr\/#organization"},"image":{"@id":"https:\/\/gds32-65.fr\/index.php\/2026\/08\/31\/dnc-zvi-interdiction-de-vaccination-apres-le-30-09\/#primaryimage"},"thumbnailUrl":"https:\/\/gds32-65.fr\/wp-content\/uploads\/2026\/08\/Bovins-eng-L.ARTEGIANI-GDS02-scaled.jpg","articleSection":["A la Une"],"inLanguage":"fr-FR"},{"@type":"WebPage","@id":"https:\/\/gds32-65.fr\/index.php\/2026\/08\/31\/dnc-zvi-interdiction-de-vaccination-apres-le-30-09\/","url":"https:\/\/gds32-65.fr\/index.php\/2026\/08\/31\/dnc-zvi-interdiction-de-vaccination-apres-le-30-09\/","name":"DNC ZVI interdiction de vaccination apr\u00e8s le 30\/09 - GDS 32 et 65","isPartOf":{"@id":"https:\/\/gds32-65.fr\/#website"},"primaryImageOfPage":{"@id":"https:\/\/gds32-65.fr\/index.php\/2026\/08\/31\/dnc-zvi-interdiction-de-vaccination-apres-le-30-09\/#primaryimage"},"image":{"@id":"https:\/\/gds32-65.fr\/index.php\/2026\/08\/31\/dnc-zvi-interdiction-de-vaccination-apres-le-30-09\/#primaryimage"},"thumbnailUrl":"https:\/\/gds32-65.fr\/wp-content\/uploads\/2026\/08\/Bovins-eng-L.ARTEGIANI-GDS02-scaled.jpg","datePublished":"2026-08-31T12:21:12+00:00","dateModified":"2026-08-31T13:49:47+00:00","breadcrumb":{"@id":"https:\/\/gds32-65.fr\/index.php\/2026\/08\/31\/dnc-zvi-interdiction-de-vaccination-apres-le-30-09\/#breadcrumb"},"inLanguage":"fr-FR","potentialAction":[{"@type":"ReadAction","target":["https:\/\/gds32-65.fr\/index.php\/2026\/08\/31\/dnc-zvi-interdiction-de-vaccination-apres-le-30-09\/"]}]},{"@type":"ImageObject","inLanguage":"fr-FR","@id":"https:\/\/gds32-65.fr\/index.php\/2026\/08\/31\/dnc-zvi-interdiction-de-vaccination-apres-le-30-09\/#primaryimage","url":"https:\/\/gds32-65.fr\/wp-content\/uploads\/2026\/08\/Bovins-eng-L.ARTEGIANI-GDS02-scaled.jpg","contentUrl":"https:\/\/gds32-65.fr\/wp-content\/uploads\/2026\/08\/Bovins-eng-L.ARTEGIANI-GDS02-scaled.jpg","width":2560,"height":1702},{"@type":"BreadcrumbList","@id":"https:\/\/gds32-65.fr\/index.php\/2026\/08\/31\/dnc-zvi-interdiction-de-vaccination-apres-le-30-09\/#breadcrumb","itemListElement":[{"@type":"ListItem","position":1,"name":"Accueil","item":"https:\/\/gds32-65.fr\/"},{"@type":"ListItem","position":2,"name":"DNC ZVI interdiction de vaccination apr\u00e8s le 30\/09"}]},{"@type":"WebSite","@id":"https:\/\/gds32-65.fr\/#website","url":"https:\/\/gds32-65.fr\/","name":"GDS 32-65","description":"Bienvenue sur le site des GDS 32 et 65","publisher":{"@id":"https:\/\/gds32-65.fr\/#organization"},"potentialAction":[{"@type":"SearchAction","target":{"@type":"EntryPoint","urlTemplate":"https:\/\/gds32-65.fr\/?s={search_term_string}"},"query-input":{"@type":"PropertyValueSpecification","valueRequired":true,"valueName":"search_term_string"}}],"inLanguage":"fr-FR"},{"@type":"Organization","@id":"https:\/\/gds32-65.fr\/#organization","name":"GDS 32-65","url":"https:\/\/gds32-65.fr\/","logo":{"@type":"ImageObject","inLanguage":"fr-FR","@id":"https:\/\/gds32-65.fr\/#\/schema\/logo\/image\/","url":"https:\/\/gds32-65.fr\/wp-content\/uploads\/2024\/11\/Fond-GDS-1.png","contentUrl":"https:\/\/gds32-65.fr\/wp-content\/uploads\/2024\/11\/Fond-GDS-1.png","width":1095,"height":226,"caption":"GDS 32-65"},"image":{"@id":"https:\/\/gds32-65.fr\/#\/schema\/logo\/image\/"},"sameAs":["https:\/\/www.facebook.com\/gds32gds65aplma"]},{"@type":"Person","@id":"https:\/\/gds32-65.fr\/#\/schema\/person\/95a32fe4d55748b54ad68c8f4e849e89","name":"GDS 32-65","image":{"@type":"ImageObject","inLanguage":"fr-FR","@id":"https:\/\/secure.gravatar.com\/avatar\/904bc63f723f5e11f8ff89bc07f133c2d8ed70d75ed7e1aaf4528d6957014e60?s=96&d=mm&r=g","url":"https:\/\/secure.gravatar.com\/avatar\/904bc63f723f5e11f8ff89bc07f133c2d8ed70d75ed7e1aaf4528d6957014e60?s=96&d=mm&r=g","contentUrl":"https:\/\/secure.gravatar.com\/avatar\/904bc63f723f5e11f8ff89bc07f133c2d8ed70d75ed7e1aaf4528d6957014e60?s=96&d=mm&r=g","caption":"GDS 32-65"},"sameAs":["http:\/\/gds32-65.fr"],"url":"https:\/\/gds32-65.fr\/index.php\/author\/admin3567\/"}]}},"_links":{"self":[{"href":"https:\/\/gds32-65.fr\/index.php\/wp-json\/wp\/v2\/posts\/5358","targetHints":{"allow":["GET"]}}],"collection":[{"href":"https:\/\/gds32-65.fr\/index.php\/wp-json\/wp\/v2\/posts"}],"about":[{"href":"https:\/\/gds32-65.fr\/index.php\/wp-json\/wp\/v2\/types\/post"}],"author":[{"embeddable":true,"href":"https:\/\/gds32-65.fr\/index.php\/wp-json\/wp\/v2\/users\/1"}],"replies":[{"embeddable":true,"href":"https:\/\/gds32-65.fr\/index.php\/wp-json\/wp\/v2\/comments?post=5358"}],"version-history":[{"count":2,"href":"https:\/\/gds32-65.fr\/index.php\/wp-json\/wp\/v2\/posts\/5358\/revisions"}],"predecessor-version":[{"id":5361,"href":"https:\/\/gds32-65.fr\/index.php\/wp-json\/wp\/v2\/posts\/5358\/revisions\/5361"}],"wp:featuredmedia":[{"embeddable":true,"href":"https:\/\/gds32-65.fr\/index.php\/wp-json\/wp\/v2\/media\/5364"}],"wp:attachment":[{"href":"https:\/\/gds32-65.fr\/index.php\/wp-json\/wp\/v2\/media?parent=5358"}],"wp:term":[{"taxonomy":"category","embeddable":true,"href":"https:\/\/gds32-65.fr\/index.php\/wp-json\/wp\/v2\/categories?post=5358"},{"taxonomy":"post_tag","embeddable":true,"href":"https:\/\/gds32-65.fr\/index.php\/wp-json\/wp\/v2\/tags?post=5358"}],"curies":[{"name":"wp","href":"https:\/\/api.w.org\/{rel}","templated":true}]}}